{"id":24227,"date":"2026-04-23T07:00:17","date_gmt":"2026-04-23T05:00:17","guid":{"rendered":"https:\/\/www.miquelangelbosch.com\/?p=24227"},"modified":"2026-04-25T20:07:41","modified_gmt":"2026-04-25T18:07:41","slug":"en-la-diada-de-sant-jordi-que-hi-pinta-el-drac-i-el-cavaller-i-la-princesa-i-els-llibres-i-les-roses","status":"publish","type":"post","link":"https:\/\/www.miquelangelbosch.com\/?p=24227","title":{"rendered":"EN LA DIADA DE SANT JORDI, QU\u00c8 HI PINTA EL DRAC&#8230;? \u00bfI EL CAVALLER&#8230;? \u00bfI\u00a0 LA PRINCESA&#8230;? I ELS LLIBRES&#8230;? I LES ROSES&#8230;?"},"content":{"rendered":"<p>&nbsp;<\/p>\n<p><a href=\"https:\/\/www.miquelangelbosch.com\/wp-content\/uploads\/2026\/04\/images-3.jpg\"><img loading=\"lazy\" decoding=\"async\" class=\"aligncenter wp-image-24230\" src=\"https:\/\/www.miquelangelbosch.com\/wp-content\/uploads\/2026\/04\/images-3-300x158.jpg\" alt=\"\" width=\"1069\" height=\"563\" srcset=\"https:\/\/www.miquelangelbosch.com\/wp-content\/uploads\/2026\/04\/images-3-300x158.jpg 300w, https:\/\/www.miquelangelbosch.com\/wp-content\/uploads\/2026\/04\/images-3.jpg 310w\" sizes=\"(max-width: 1069px) 100vw, 1069px\" \/><\/a><\/p>\n<p style=\"text-align: center;\"><span style=\"color: #ff0000; font-size: 24pt;\"><strong>EN LA DIADA DE SANT JORDI DE L&#8217;ANY 2026<\/strong><\/span><\/p>\n<p style=\"text-align: center;\"><span style=\"color: #ff0000; font-size: 24pt;\"><strong>QU\u00c8 HI PINTA EL DRAC&#8230;? \u00bfI EL CAVALLER&#8230;? \u00bfI\u00a0 LA PRINCESA&#8230;?<\/strong><\/span><\/p>\n<p style=\"text-align: center;\"><span style=\"color: #ff0000; font-size: 24pt;\"><strong> I ELS LLIBRES&#8230;? I LES ROSES&#8230;?<\/strong><\/span><\/p>\n<p><a href=\"https:\/\/www.miquelangelbosch.com\/wp-content\/uploads\/2026\/04\/stjied.jpeg\"><img loading=\"lazy\" decoding=\"async\" class=\"aligncenter wp-image-24231\" src=\"https:\/\/www.miquelangelbosch.com\/wp-content\/uploads\/2026\/04\/stjied.jpeg\" alt=\"\" width=\"370\" height=\"396\" \/><\/a><\/p>\n<p style=\"text-align: center;\"><span style=\"color: #3366ff;\"><strong><span style=\"font-size: 18pt;\">LA FAULA D&#8217;UN DRAC CONVERTIDA EN MET\u00c0FORA EN LA DIADA DE SANT JORDI<\/span><\/strong><\/span><\/p>\n<p class=\"p1\" style=\"text-align: justify;\"><strong><span class=\"s1\" style=\"font-size: 18pt;\"><a href=\"https:\/\/www.miquelangelbosch.com\/wp-content\/uploads\/2026\/04\/download-2.jpg\"><img loading=\"lazy\" decoding=\"async\" class=\"size-full wp-image-24232 alignleft\" src=\"https:\/\/www.miquelangelbosch.com\/wp-content\/uploads\/2026\/04\/download-2.jpg\" alt=\"\" width=\"224\" height=\"225\" srcset=\"https:\/\/www.miquelangelbosch.com\/wp-content\/uploads\/2026\/04\/download-2.jpg 224w, https:\/\/www.miquelangelbosch.com\/wp-content\/uploads\/2026\/04\/download-2-150x150.jpg 150w\" sizes=\"(max-width: 224px) 100vw, 224px\" \/><\/a>Va caure a les meves mans, ara fa tres d\u00e8cades, la redacci\u00f3 d\u2019un alumne que, en ocasi\u00f3 de la festa liter\u00e0ria que se celebra a les escoles de la nostra contrada en la Diada de Sant Jordi, va obtenir un guard\u00f3 en els Jocs Florals de la Barcelona del segle passat.<\/span><\/strong><\/p>\n<p class=\"p1\" style=\"text-align: justify;\"><strong><span class=\"s1\" style=\"font-size: 18pt;\">Podria intitular la pe\u00e7a liter\u00e0ria en q\u00fcesti\u00f3 com un <i>\u201cUn m\u00f3n al rev\u00e9s\u201d<\/i>. Ben mirat podreu llegir la met\u00e0fora ir\u00f2nica d\u2019una reflexi\u00f3 que s\u2019escau molt b\u00e9 i s\u2019ajusta perfectament al tarann\u00e0 dels nostres dies en qu\u00e8 la incoher\u00e8ncia del sistema, en general, i la p\u00e8rdua de prou valors, esdevenen manifestos i perturbadors. Tanmateix, i despr\u00e9s de feta la seva lectura valorativa de la faula, cadasc\u00fa\/na pot retornar, al lloc que millor els correspongui, cap a les ess\u00e8ncies originals de la celebraci\u00f3 d&#8217;aquest 2026 en la Diada de Sant Jordi\u2026<\/span><\/strong><\/p>\n<p class=\"p2\" style=\"text-align: justify;\"><span style=\"color: #3366ff;\"><strong><span class=\"s1\" style=\"font-size: 18pt;\"><i><a href=\"https:\/\/www.miquelangelbosch.com\/wp-content\/uploads\/2026\/04\/download-1-1.jpg\"><img loading=\"lazy\" decoding=\"async\" class=\"size-full wp-image-24233 alignright\" src=\"https:\/\/www.miquelangelbosch.com\/wp-content\/uploads\/2026\/04\/download-1-1.jpg\" alt=\"\" width=\"280\" height=\"180\" \/><\/a><span style=\"color: #ff6600;\">\u201c\u2026 Ja hi tornem a ser\u2026 Un altre cop amb el rotllo de Sant Jordi, ja est\u00e0 b\u00e9\u2026! Qu\u00e8 us he fet jo\u2026? Per qu\u00e8 m\u2019empipeu\u2026? Per qu\u00e8 sempre m\u2019han de fer la punyeta amb Sant Jordi\u2026? Com a ecologista penso que aquest senyor, anomenat Jordi, va ser un criminal. Mira que carregar-se l\u2019\u00faltim exemplar viu a Catalunya de Dracotorracollonis\u2026!<\/span><\/i><\/span><\/strong><\/span><\/p>\n<p class=\"p3\" style=\"text-align: justify;\"><span style=\"color: #ff6600;\"><strong><span class=\"s1\" style=\"font-size: 18pt;\"><i>En \u00e8poques anteriors haur\u00eden posat aquest senyor, la seva llan\u00e7a i el cavall a la cadira el\u00e8ctrica per assass\u00ed d\u2019animals en perill d\u2019extinci\u00f3. Quanta sang\u2026! Quina porqueria\u2026! Mira que no haver pensat en les pobres dones de neteja\u2026!<\/i><\/span><\/strong><\/span><\/p>\n<p class=\"p2\" style=\"text-align: justify;\"><span style=\"color: #ff6600;\"><strong><span class=\"s1\" style=\"font-size: 18pt;\"><i>A mi, en realitat el que m\u2019agradaria \u00e9s parlar m\u00e9s del drac\u2026! Ning\u00fa no l\u2019estima, pobret drac\u2026! Hi ha cel per als dracs\u2026? Tenia fill o alguna filla\u2026? I muller\u2026? Estava treballant quan el varen matar\u2026? O potser estava a l\u2019atur\u2026? Tenia contracte\u2026? Temporal o estable\u2026? Varen indemnitzar la dragoneta i els dragonets\u2026? Va tenir temps de fer testament\u2026? Tenia asseguran\u00e7a de vida\u2026?<\/i><\/span><\/strong><\/span><\/p>\n<p class=\"p2\" style=\"text-align: justify;\"><span style=\"color: #ff6600;\"><strong><span class=\"s1\" style=\"font-size: 18pt;\"><i>I Sant Jordi\u2026? De qu\u00e8 anava\u2026? De \u201cchulo\u201d\u2026? Qui li manava salvar la princesa\u2026? El cavall era de propietat o de lloguer\u2026? De quina fusta era la llan\u00e7a o de ferro\u2026? Era fan d\u2019alg\u00fa o d\u2019alguna\u2026? Era catal\u00e0\u2026? Immigrant\u2026? Era blanc\u2026? O nom\u00e9s ho era el cavall\u2026? I si no s\u2019havia de casar amb la princesa, per qu\u00e8 la va salvar\u2026? Quant li varen pagar per la feina de matar el drac\u2026? Valia la pena la princesa per muntar aquell sidral\u2026?<\/i><\/span><\/strong><\/span><\/p>\n<p class=\"p2\" style=\"text-align: justify;\"><span style=\"color: #ff6600;\"><strong><span class=\"s1\" style=\"font-size: 18pt;\"><i>I\u00a0la princesa\u2026? Era pija\u2026? Era grassoneta o primeta\u2026? De quina marca portava els texans\u2026? Per qu\u00e8 no va fer trampes al sorteig\u2026? Que era babau\u2026? Les princeses s\u00f3n babaus\u2026? O nom\u00e9s ho fan veure\u2026?<\/i><\/span><\/strong><\/span><\/p>\n<p class=\"p2\" style=\"text-align: justify;\"><span style=\"color: #ff6600;\"><strong><span style=\"font-size: 18pt;\"><span class=\"s1\"><i>De fet els dracs sempre han estat uns animals simp\u00e0tics. I a m\u00e9s em sembla que, en aquesta hist\u00f2ria, en van fer un gra massa. Segur que el drac era tan petit com els que es veuen ara, perqu\u00e8 tothom es creu un sant\u2026! Tanta hist\u00f2ria nom\u00e9s per aconseguir que la gent compri una rosa aquest dia\u2026? Hauria estat el mateix si hagu\u00e9s guanyat el drac\u2026? Segur que el drac era tan catal\u00e0 com en Jordi. Per qu\u00e8 no celebrem el Dia del Drac\u2026? Es podria substituir la rosa per una bossa de mosques per donar a menjar els dracs que encara queden vius i aix\u00ed evitar\u00edem l\u2019extinci\u00f3 de les roses. Segur que la festa tindria una gran acceptaci\u00f3 en tot el m\u00f3n. Per aix\u00f2 declaro el 23 d\u2019abril, en nom de l\u2019Associaci\u00f3 de Dracs Catalans, <\/i><\/span><span class=\"s1\"><i>\u201cDia del Drac\u201d\u2026!<\/i><\/span><\/span><\/strong><\/span><\/p>\n<p><a href=\"https:\/\/www.miquelangelbosch.com\/wp-content\/uploads\/2026\/04\/images-2-1.jpg\"><img loading=\"lazy\" decoding=\"async\" class=\"aligncenter wp-image-24234\" src=\"https:\/\/www.miquelangelbosch.com\/wp-content\/uploads\/2026\/04\/images-2-1.jpg\" alt=\"\" width=\"498\" height=\"450\" \/><\/a><\/p>\n<p class=\"p1\" style=\"text-align: center;\"><span style=\"color: #3366ff;\"><strong><span style=\"font-size: 18pt;\"><span class=\"s1\">LLIBRES TOT L\u2019ANY PER OBRIR-NOS AL M\u00d3N I FER TREBALLAR EL CAP <\/span><\/span><\/strong><\/span><\/p>\n<p class=\"p1\" style=\"text-align: center;\"><span style=\"color: #3366ff;\"><strong><span style=\"font-size: 18pt;\"><span class=\"s1\">ROSES PERFUMADES PER DESVETLLAR ELS SENTIMENTS I AMOROSIR ELS CORS\u2026<\/span><\/span><\/strong><\/span><\/p>\n<p class=\"p1\" style=\"text-align: center;\"><span style=\"color: #3366ff;\"><strong><span style=\"font-size: 18pt;\"><span class=\"s1\">I LA PREVISI\u00d3 D&#8217;UNA EXCURSIO -UNS DIES ENLL\u00c0- A LA MUNTANYA DE MONTSERRAT<\/span><\/span><\/strong><\/span><\/p>\n<p style=\"text-align: justify;\"><strong><span class=\"s1\" style=\"font-size: 18pt;\"><a href=\"https:\/\/www.miquelangelbosch.com\/wp-content\/uploads\/2026\/04\/montserrat.jpg\"><img loading=\"lazy\" decoding=\"async\" class=\"size-full wp-image-24235 alignright\" src=\"https:\/\/www.miquelangelbosch.com\/wp-content\/uploads\/2026\/04\/montserrat.jpg\" alt=\"\" width=\"275\" height=\"183\" \/><\/a>Al bell mig de la primavera el calendari anual ens assenyala el patr\u00f3 de Catalunya -Sant Jordi- i ens torna a recordar, amb el seu esplendor popular i medi\u00e0tic, que la cultura en forma de llibre i la tendresa feta rosa, esdevenen uns companys de viatge amables de conrear\u2026<\/span><\/strong><\/p>\n<p class=\"p1\" style=\"text-align: justify;\"><strong><span class=\"s1\" style=\"font-size: 18pt;\">I uns dies m\u00e9s enll\u00e0 \u2013 cal tamb\u00e9 recordar-ho-, la previsi\u00f3 d\u2019una excursi\u00f3 esfor\u00e7ada cap a la m\u00e0gica muntanya per celebrar la patrona de Catalunya i el record tradicional -amb el respecte degut a totes les creences o increences religioses-, de la Mare de D\u00e9u de Montserrat.<\/span><\/strong><\/p>\n<p class=\"p1\" style=\"text-align: justify;\"><strong><span class=\"s1\" style=\"font-size: 18pt;\">En un breu per\u00edode de temps, compr\u00e9s entre els dies 23 i 27 d\u2019abril, dues festes identifiquen, doncs, el nostre col\u00b7lectiu. Plau que en un pa\u00eds petit, per\u00f2 fort com el nostre, es disposi d\u2019uns referents propis -diguem-ne tamb\u00e9 signes d\u2019identitat- que ens ajudin a navegar sense por de perdre el nord i mantenir-nos amatents per retrobar llegendes, sentiments, llibres i m\u00e9s llibres, roses vermelles i de tot color, festa al carrer, pelegrinatge, enamoraments i sentit de pertinen\u00e7a.<\/span><\/strong><\/p>\n<p><a href=\"https:\/\/www.miquelangelbosch.com\/wp-content\/uploads\/2026\/04\/images-3-1.jpg\"><img loading=\"lazy\" decoding=\"async\" class=\"aligncenter wp-image-24236\" src=\"https:\/\/www.miquelangelbosch.com\/wp-content\/uploads\/2026\/04\/images-3-1.jpg\" alt=\"\" width=\"477\" height=\"286\" \/><\/a><\/p>\n<p class=\"p6\" style=\"text-align: center;\"><span style=\"color: #3366ff;\"><strong><span class=\"s1\" style=\"font-size: 18pt;\">DIADA DE SANT JORDI PLENA DE LLIBRE<span style=\"color: #3366ff;\">S\u2026!<\/span><\/span><\/strong><\/span><\/p>\n<p class=\"p6\" style=\"text-align: justify;\"><strong><span class=\"s1\" style=\"font-size: 18pt;\"><a href=\"https:\/\/www.miquelangelbosch.com\/wp-content\/uploads\/2026\/04\/download-3.jpg\"><img loading=\"lazy\" decoding=\"async\" class=\"size-full wp-image-24239 alignleft\" src=\"https:\/\/www.miquelangelbosch.com\/wp-content\/uploads\/2026\/04\/download-3.jpg\" alt=\"\" width=\"300\" height=\"168\" \/><\/a>Una jornada espl\u00e8ndida que s\u2019esmuny per entre tots els racons de Catalunya i que mena tamb\u00e9 cap el record de l\u2019origen del Dia del llibre que va comen\u00e7ar a celebrar-se el 7 d\u2019octubre de 1926 en commemoraci\u00f3 del naixement de Miguel de Cervantes. La llegenda diu que Sant Jordi mat\u00e0 el drac. De la sang en broll\u00e0 una rosa, que el cavaller regal\u00e0 a la princesa. D\u2019aquet fet imaginari, fa un segle,\u00a0 l\u2019escriptor valenci\u00e0 Vicent Clavel, establert a Barcelona va proposar a la Cambra Oficial del Llibre de la Ciutat Comtal. Tanmateix, cada 23 d\u2019abril se celebra en tot el planeta el \u2018<a href=\"https:\/\/ca.wikipedia.org\/wiki\/Dia_internacional_del_llibre\"><em>Dia Mundial del Llibre i del Dret d\u2019Autor<\/em><\/a>\u2019 des que es va acordar en la 28a reuni\u00f3 de la\u00a0<a href=\"https:\/\/es.wikipedia.org\/wiki\/Unesco\">UNESCO<\/a>, celebrada a Par\u00eds entre el 25 d\u2019octubre i 16 de novembre de 1995, que aix\u00ed fos. Els arguments aportats per l\u2019organitzaci\u00f3 dedicada al foment de l\u2019Educaci\u00f3, la Ci\u00e8ncia i la Cultura, pertanyent a\u00a0<a href=\"https:\/\/es.wikipedia.org\/wiki\/Organizaci%C3%B3n_de_las_Naciones_Unidas\">l\u2019ONU<\/a>\u00a0i va ser (segons dicta el punt 3.18 de la resoluci\u00f3 all\u00ed acordada) perqu\u00e8 el 23 d\u2019abril de 1616 van coincidir els decessos de\u00a0<a href=\"https:\/\/es.wikipedia.org\/wiki\/Miguel_de_Cervantes\">Miguel de Cervantes<\/a>,\u00a0<a href=\"https:\/\/es.wikipedia.org\/wiki\/William_Shakespeare\">William Shakespeare<\/a>\u00a0i\u00a0<a href=\"https:\/\/es.wikipedia.org\/wiki\/Inca_Garcilaso_de_la_Vega\">Inca Garcilaso de la Vega<\/a>.<\/span><\/strong><\/p>\n<p style=\"text-align: justify;\"><strong><span style=\"font-size: 18pt;\"><a href=\"https:\/\/www.miquelangelbosch.com\/wp-content\/uploads\/2026\/04\/images-4-1.jpg\"><img loading=\"lazy\" decoding=\"async\" class=\"size-full wp-image-24240 alignright\" src=\"https:\/\/www.miquelangelbosch.com\/wp-content\/uploads\/2026\/04\/images-4-1.jpg\" alt=\"\" width=\"260\" height=\"194\" \/><\/a>Fem un simulacre personal, a mode d\u2019<a href=\"https:\/\/recursos.cnice.mec.es\/lengua\/dialogo\/encuesta_sobre_lectura.htm\">enquesta, sobre els h\u00e0bits lectors<\/a>\u2026? Paral\u00b7lelament i tant deb\u00f3 el nostre intransferible resultat no topi amb la crua realitat esposada a continuaci\u00f3:\u00a0<a href=\"https:\/\/fomentodelalectura.culturaydeporte.gob.es\/acerca-de\/c\/la-lectura-hoy.html\">un ter\u00e7 de la poblaci\u00f3 espanyola mai no llegeix<\/a>.<\/span><\/strong><\/p>\n<ul style=\"text-align: justify;\">\n<li><strong><span style=\"font-size: 18pt;\">Molts diuen que no els interessa.<\/span><\/strong><\/li>\n<li><strong><span style=\"font-size: 18pt;\">Que no tenen temps.<\/span><\/strong><\/li>\n<li><strong><span style=\"font-size: 18pt;\">Que Internet i la TV o la digitalitzaci\u00f3 ja no fa gens necessari aquest instrument.<\/span><\/strong><\/li>\n<\/ul>\n<p style=\"text-align: justify;\"><strong><span style=\"font-size: 18pt;\"><a href=\"https:\/\/www.miquelangelbosch.com\/wp-content\/uploads\/2026\/04\/download-4.jpg\"><img loading=\"lazy\" decoding=\"async\" class=\"size-full wp-image-24242 alignleft\" src=\"https:\/\/www.miquelangelbosch.com\/wp-content\/uploads\/2026\/04\/download-4.jpg\" alt=\"\" width=\"272\" height=\"185\" \/><\/a>Quina pena\u2026! Per\u00f2 no es tracta de veure-hi foscor. Hem de\u00a0ser realistes i dir les coses pel seu nom. M\u00e9s que mai i mal que ens pesi, perqu\u00e8:<\/span><\/strong><\/p>\n<ul style=\"text-align: justify;\">\n<li><strong><span style=\"font-size: 18pt;\"><em>El llibre d\u00f3na vida.<\/em><\/span><\/strong><\/li>\n<li><strong><span style=\"font-size: 18pt;\"><em>El llibre aporta experi\u00e8ncies.<\/em><\/span><\/strong><\/li>\n<li><strong><span style=\"font-size: 18pt;\"><em>El llibre ens permet viatjar a d\u2018altres cultures.<\/em><\/span><\/strong><\/li>\n<li><strong><span style=\"font-size: 18pt;\"><em>El llibre alimenta la nostra ment.<\/em><\/span><\/strong><\/li>\n<li><strong><span style=\"font-size: 18pt;\"><em>El llibre genera esperit cr\u00edtic.<\/em><\/span><\/strong><\/li>\n<li><strong><span style=\"font-size: 18pt;\"><em>El llibre provoca di\u00e0leg i contrast d \u0301opinions entre autor i lector.<\/em><\/span><\/strong><\/li>\n<li><strong><span style=\"font-size: 18pt;\"><em>El llibre ensenya a veure i viure.<\/em><\/span><\/strong><\/li>\n<li><strong><span style=\"font-size: 18pt;\"><em>El llibre transmet valors.<\/em><\/span><\/strong><\/li>\n<li><strong><span style=\"font-size: 18pt;\"><em>El llibre fa cr\u00e9ixer el nivell de coneixements.<\/em><\/span><\/strong><\/li>\n<li><strong><span style=\"font-size: 18pt;\"><em>El llibre deixa un p\u00f2sit de serenor i reflexi\u00f3 a la nostra ment.<\/em><\/span><\/strong><\/li>\n<li><strong><span style=\"font-size: 18pt;\"><em>El llibre activa una forta sotragada al nostre interior.<\/em><\/span><\/strong><\/li>\n<\/ul>\n<p class=\"p8\" style=\"text-align: center;\"><span style=\"color: #ff0000; font-size: 24pt;\"><strong><span class=\"s1\">LLIBRES PER DESVETLLAR LA IMAGINACIO,\u00a0 FORNIR ALIMENTAR EL CAP<\/span><\/strong><\/span><\/p>\n<p class=\"p8\" style=\"text-align: center;\"><span style=\"color: #ff0000;\"><span style=\"font-size: 32px;\"><b>I<\/b><\/span><\/span><\/p>\n<p class=\"p8\" style=\"text-align: center;\"><span style=\"color: #ff0000; font-size: 24pt;\"><strong><span class=\"s1\">RECORRER LA HISTORIA DE LA VIDA<\/span><\/strong><\/span><\/p>\n<p>&nbsp;<\/p>\n<p><a href=\"https:\/\/www.miquelangelbosch.com\/wp-content\/uploads\/2026\/04\/download-2-1.jpg\"><img loading=\"lazy\" decoding=\"async\" class=\"aligncenter wp-image-24237\" src=\"https:\/\/www.miquelangelbosch.com\/wp-content\/uploads\/2026\/04\/download-2-1.jpg\" alt=\"\" width=\"425\" height=\"283\" \/><\/a><\/p>\n<p class=\"p6\" style=\"text-align: center;\"><span style=\"color: #3366ff;\"><strong><span class=\"s1\" style=\"font-size: 18pt;\">DIADA DE SANT JORDI CORULLA DE ROSES\u2026!<\/span><\/strong><\/span><\/p>\n<p class=\"p6\" style=\"text-align: justify;\"><strong><span style=\"font-size: 18pt;\"><span class=\"s1\"><a href=\"https:\/\/www.miquelangelbosch.com\/wp-content\/uploads\/2026\/04\/download-5.jpg\"><img loading=\"lazy\" decoding=\"async\" class=\"size-full wp-image-24243 alignright\" src=\"https:\/\/www.miquelangelbosch.com\/wp-content\/uploads\/2026\/04\/download-5.jpg\" alt=\"\" width=\"259\" height=\"194\" \/><\/a>Tamb\u00e9 una jornada de flors, terra la nostra que es vesteix de roses que donen un caire alegre, festiu i perfumat a la celebraci\u00f3 de cada any. Commemoraci\u00f3 festiva la del 23 d\u2019abril. Recordan\u00e7a d\u2019un m\u00e0rtir del segle IV d.C., de nom Jordi -que en grec significa llaurador o pag\u00e8s- de veneraci\u00f3 i popularitat universal en el m\u00f3n cristi\u00e0. Viatjant arreu del m\u00f3n trobem la figura de Sant Jordi en escultures, pintures, monedes, segells, banderes, joies, vestits, rajoles, mobles, cer\u00e0mica, peces d\u2019orfebreria, brodats, miniatures i en persones que se\u2019n diuen\u2026<\/span>I en parlar de la import\u00e0ncia de la lectura, tamb\u00e9 ens cal parlar i respectar la natura, i el que avui en denominem\u00a0<a href=\"https:\/\/ca.wikipedia.org\/wiki\/Medi_ambient\">medi ambient<\/a>.<\/span><\/strong><\/p>\n<p style=\"text-align: justify;\"><strong><span style=\"font-size: 18pt;\"><a href=\"https:\/\/www.miquelangelbosch.com\/wp-content\/uploads\/2026\/04\/images-5.jpg\"><img loading=\"lazy\" decoding=\"async\" class=\"size-full wp-image-24244 alignnone\" src=\"https:\/\/www.miquelangelbosch.com\/wp-content\/uploads\/2026\/04\/images-5.jpg\" alt=\"\" width=\"275\" height=\"183\" \/><\/a>Se\u2019m, d\u00f3na per escollir una flor per excel\u00b7l\u00e8ncia -la rosa- com una met\u00e0fora que m\u2019ha de servir per arribar a copsar el pas del temps durant el cicle de la naturales. <\/span><\/strong><\/p>\n<p style=\"text-align: justify;\"><strong><span style=\"font-size: 18pt;\">La rosa, la flor perfumada i variada del roser:<\/span><\/strong><\/p>\n<div class=\"toctitle\" dir=\"ltr\" lang=\"ca\" style=\"text-align: justify;\"><strong><span style=\"font-size: 18pt;\">\u2013\u00a0La seva\u00a0<a href=\"https:\/\/ca.wikipedia.org\/wiki\/Rosa#Mitologia\"><span class=\"toctext\">mitologia<\/span><\/a>\u2026<\/span><\/strong><\/div>\n<div class=\"toctitle\" dir=\"ltr\" lang=\"ca\" style=\"text-align: justify;\"><strong><span style=\"font-size: 18pt;\">\u2013 El seu\u00a0<a href=\"https:\/\/ca.wikipedia.org\/wiki\/Rosa#Simbolisme_a_Catalunya\"><span class=\"toctext\">simbolisme a Catalunya<\/span><\/a>\u2026<\/span><\/strong><\/div>\n<div class=\"toctitle\" dir=\"ltr\" lang=\"ca\" style=\"text-align: justify;\"><strong><span style=\"font-size: 18pt;\">\u2013 La m\u00faltiple varietat d\u2019<a href=\"https:\/\/ca.wikipedia.org\/wiki\/Rosa#Esp%C3%A8cies\"><span class=\"toctext\">esp\u00e8cies<\/span><\/a>\u2026<\/span><\/strong><\/div>\n<div dir=\"ltr\" lang=\"ca\" style=\"text-align: justify;\"><\/div>\n<div dir=\"ltr\" lang=\"ca\" style=\"text-align: justify;\"><strong><span style=\"font-size: 18pt;\"><a href=\"https:\/\/www.miquelangelbosch.com\/wp-content\/uploads\/2026\/04\/images-6.jpg\"><img loading=\"lazy\" decoding=\"async\" class=\"size-full wp-image-24245 alignright\" src=\"https:\/\/www.miquelangelbosch.com\/wp-content\/uploads\/2026\/04\/images-6.jpg\" alt=\"\" width=\"225\" height=\"225\" srcset=\"https:\/\/www.miquelangelbosch.com\/wp-content\/uploads\/2026\/04\/images-6.jpg 225w, https:\/\/www.miquelangelbosch.com\/wp-content\/uploads\/2026\/04\/images-6-150x150.jpg 150w\" sizes=\"(max-width: 225px) 100vw, 225px\" \/><\/a>I amb la seva frag\u00e0ncia i delicadesa -\u00ab<em>no le toques ya m\u00e1s, (como) as\u00ed es la rosa<\/em>\u00bb, deia Juan Ram\u00f3n Jim\u00e9nez quan l\u2019aplicava a un poema, la seva frag\u00e0ncia b\u00e9 sabem que no nom\u00e9s perfuma, sin\u00f3 que oxigena les nostres vides i omple de misteri i de bellesa cadascuna de les quatre estacions de la nostra contrada:<\/span><\/strong><\/div>\n<ul style=\"text-align: justify;\">\n<li><strong><span style=\"font-size: 18pt;\"><em>El boix gr\u00e8vol hivernal per Nadal, aix\u00ed com una gran varietat de plantes boscanes\u2026<\/em><\/span><\/strong><\/li>\n<li><strong><span style=\"font-size: 18pt;\"><em>La ginesta groga -tan significativa- en comen\u00e7ar l\u2019estiu per Sant Joan, aix\u00ed com els fruits saborosos que apaivaguen la calor\u2026<\/em><\/span><\/strong><\/li>\n<li><strong><span style=\"font-size: 18pt;\"><em>La verema al comen\u00e7ar la tardor i la magn\u00edfica policromia de la varietat de fulles de tots els arbres caducs per Tots Sants\u2026<\/em><\/span><\/strong><\/li>\n<li><strong><span style=\"font-size: 18pt;\"><em>I cada primavera -quan arriba la Pasqua-, amb l\u2019esclat dels brots verds que es transformem en flors de mil formes i colors\u2026.<\/em><\/span><\/strong><\/li>\n<\/ul>\n<p class=\"p6\" style=\"text-align: center;\"><span style=\"color: #ff0000; font-size: 18pt;\"><strong><span class=\"s1\">ROSES PER RESPLENDIR COLORS, SUSCITAR PERFUMS, AMOROSIR ELS CORS<\/span><\/strong><\/span><\/p>\n<p class=\"p6\" style=\"text-align: center;\"><span style=\"color: #ff0000; font-size: 18pt;\"><strong><span class=\"s1\">I<\/span><\/strong><\/span><\/p>\n<p class=\"p6\" style=\"text-align: center;\"><span style=\"color: #ff0000; font-size: 18pt;\"><strong><span class=\"s1\">ESTRENYER TOTS ELS LLA\u00c7OS DE L&#8217;ESTIMACIO<\/span><\/strong><\/span><\/p>\n<p style=\"text-align: center;\"><span style=\"font-size: 24pt;\"><strong>BONA DIADA DE SANT JORDI 2026 PER A TOTHOM&#8230;!<\/strong><\/span><\/p>\n<p><a href=\"https:\/\/www.miquelangelbosch.com\/wp-content\/uploads\/2026\/04\/download-6.jpg\"><img loading=\"lazy\" decoding=\"async\" class=\"aligncenter wp-image-24246\" src=\"https:\/\/www.miquelangelbosch.com\/wp-content\/uploads\/2026\/04\/download-6.jpg\" alt=\"\" width=\"924\" height=\"1154\" \/><\/a><\/p>\n","protected":false},"excerpt":{"rendered":"<p>&nbsp; EN LA DIADA DE SANT JORDI DE L&#8217;ANY 2026 QU\u00c8 HI PINTA EL DRAC&#8230;? \u00bfI EL CAVALLER&#8230;? \u00bfI\u00a0 LA PRINCESA&#8230;? I ELS LLIBRES&#8230;? I &hellip; <\/p>\n","protected":false},"author":1,"featured_media":0,"comment_status":"open","ping_status":"closed","sticky":true,"template":"","format":"standard","meta":{"footnotes":""},"categories":[1],"tags":[],"_links":{"self":[{"href":"https:\/\/www.miquelangelbosch.com\/index.php?rest_route=\/wp\/v2\/posts\/24227"}],"collection":[{"href":"https:\/\/www.miquelangelbosch.com\/index.php?rest_route=\/wp\/v2\/posts"}],"about":[{"href":"https:\/\/www.miquelangelbosch.com\/index.php?rest_route=\/wp\/v2\/types\/post"}],"author":[{"embeddable":true,"href":"https:\/\/www.miquelangelbosch.com\/index.php?rest_route=\/wp\/v2\/users\/1"}],"replies":[{"embeddable":true,"href":"https:\/\/www.miquelangelbosch.com\/index.php?rest_route=%2Fwp%2Fv2%2Fcomments&post=24227"}],"version-history":[{"count":6,"href":"https:\/\/www.miquelangelbosch.com\/index.php?rest_route=\/wp\/v2\/posts\/24227\/revisions"}],"predecessor-version":[{"id":24248,"href":"https:\/\/www.miquelangelbosch.com\/index.php?rest_route=\/wp\/v2\/posts\/24227\/revisions\/24248"}],"wp:attachment":[{"href":"https:\/\/www.miquelangelbosch.com\/index.php?rest_route=%2Fwp%2Fv2%2Fmedia&parent=24227"}],"wp:term":[{"taxonomy":"category","embeddable":true,"href":"https:\/\/www.miquelangelbosch.com\/index.php?rest_route=%2Fwp%2Fv2%2Fcategories&post=24227"},{"taxonomy":"post_tag","embeddable":true,"href":"https:\/\/www.miquelangelbosch.com\/index.php?rest_route=%2Fwp%2Fv2%2Ftags&post=24227"}],"curies":[{"name":"wp","href":"https:\/\/api.w.org\/{rel}","templated":true}]}}